{"id":2433,"date":"2024-03-07T13:02:13","date_gmt":"2024-03-07T18:02:13","guid":{"rendered":"https:\/\/consnewyork.esteri.it\/?p=2433"},"modified":"2024-03-07T13:02:13","modified_gmt":"2024-03-07T18:02:13","slug":"mostra-fotografica-fra-nuvole-e-vento-gente-di-civita","status":"publish","type":"post","link":"https:\/\/consnewyork.esteri.it\/it\/news\/dal_consolato\/2024\/03\/mostra-fotografica-fra-nuvole-e-vento-gente-di-civita\/","title":{"rendered":"MOSTRA FOTOGRAFICA \u201cFra Nuvole e Vento \u2013 Gente di Civita\u201d"},"content":{"rendered":"<p style=\"background: white;\"><span style=\"font-size: 13.5pt; font-family: 'Titillium Web'; color: #1a1a1a;\">Il Consolato Generale d\u2019Italia a New York \u00e8 lieto di invitare il pubblico alla mostra fotografica \u201cFra Nuvole e Vento: Gente di Civita\u201d, del fotografo newyorkese Brian Stanton.<\/span><\/p>\n<p style=\"background: white;\"><span style=\"font-size: 13.5pt; font-family: 'Titillium Web'; color: #1a1a1a;\">Stanton ha fotografato il suggestivo paesaggio e la gente di Civita di Bagnoregio dal 2016 al 2020, catturando le creste di pietra e le valli argillose che circondano il borgo e costruendo al tempo stesso importanti rapporti con i pochi residenti rimasti. Le sue immagini ritraggono tradizioni secolari e rivelano l\u2019animo di questa comunit\u00e0 a lungo isolata.<\/span><\/p>\n<p style=\"margin-top: 0cm; background: white;\"><span style=\"font-size: 13.5pt; font-family: 'Titillium Web'; color: #1a1a1a;\">\u00c8 possibile visitare la mostra, previo appuntamento, fino al 6 maggio 2024, ogni luned\u00ec, mercoled\u00ec e venerd\u00ec dalle 14 alle 16.<\/span><\/p>\n<p style=\"margin-top: 0cm; background: white; box-sizing: border-box; margin-bottom: 1rem; font-variant-ligatures: normal; font-variant-caps: normal; orphans: 2; text-align: start; widows: 2; -webkit-text-stroke-width: 0px; text-decoration-thickness: initial; text-decoration-style: initial; text-decoration-color: initial; word-spacing: 0px;\"><span style=\"font-size: 13.5pt; font-family: 'Titillium Web'; color: #1a1a1a;\">Per accedere \u00e8 necessario inviare una mail a:\u00a0<a href=\"mailto:cg.newyork@esteri.it\">cg.newyork@esteri.it<\/a><\/span><\/p>\n","protected":false},"excerpt":{"rendered":"Il Consolato Generale d\u2019Italia a New York \u00e8 lieto di invitare il pubblico alla mostra fotografica \u201cFra Nuvole e Vento: Gente di Civita\u201d, del fotografo newyorkese Brian Stanton. Stanton ha fotografato il suggestivo paesaggio e la gente di Civita di Bagnoregio dal 2016 al 2020, catturando le creste di pietra e le valli argillose che [&hellip;]","protected":false},"author":3,"featured_media":2438,"comment_status":"closed","ping_status":"closed","sticky":false,"template":"","format":"standard","meta":{"footnotes":""},"tags":[12],"class_list":["post-2433","post","type-post","status-publish","format-standard","has-post-thumbnail","hentry","tag-diplomazia-culturale"],"_links":{"self":[{"href":"https:\/\/consnewyork.esteri.it\/it\/wp-json\/wp\/v2\/posts\/2433","targetHints":{"allow":["GET"]}}],"collection":[{"href":"https:\/\/consnewyork.esteri.it\/it\/wp-json\/wp\/v2\/posts"}],"about":[{"href":"https:\/\/consnewyork.esteri.it\/it\/wp-json\/wp\/v2\/types\/post"}],"author":[{"embeddable":true,"href":"https:\/\/consnewyork.esteri.it\/it\/wp-json\/wp\/v2\/users\/3"}],"replies":[{"embeddable":true,"href":"https:\/\/consnewyork.esteri.it\/it\/wp-json\/wp\/v2\/comments?post=2433"}],"version-history":[{"count":1,"href":"https:\/\/consnewyork.esteri.it\/it\/wp-json\/wp\/v2\/posts\/2433\/revisions"}],"predecessor-version":[{"id":2435,"href":"https:\/\/consnewyork.esteri.it\/it\/wp-json\/wp\/v2\/posts\/2433\/revisions\/2435"}],"wp:featuredmedia":[{"embeddable":true,"href":"https:\/\/consnewyork.esteri.it\/it\/wp-json\/wp\/v2\/media\/2438"}],"wp:attachment":[{"href":"https:\/\/consnewyork.esteri.it\/it\/wp-json\/wp\/v2\/media?parent=2433"}],"wp:term":[{"taxonomy":"post_tag","embeddable":true,"href":"https:\/\/consnewyork.esteri.it\/it\/wp-json\/wp\/v2\/tags?post=2433"}],"curies":[{"name":"wp","href":"https:\/\/api.w.org\/{rel}","templated":true}]}}